{"id":2509,"date":"2026-09-05T08:02:40","date_gmt":"2026-09-05T08:02:40","guid":{"rendered":"https:\/\/ontinyent1931cf.com\/?p=2509"},"modified":"2026-09-05T08:02:41","modified_gmt":"2026-09-05T08:02:41","slug":"lontinyent-1931-de-ruben-sanz-debuta-amb-illusio-davant-el-roda","status":"publish","type":"post","link":"https:\/\/ontinyent1931cf.com\/?p=2509","title":{"rendered":"L\u2019Ontinyent 1931 de Rub\u00e9n Sanz debuta amb il\u00b7lusi\u00f3 davant el Roda"},"content":{"rendered":"\n<figure class=\"wp-block-image size-large\"><img loading=\"lazy\" decoding=\"async\" width=\"851\" height=\"1024\" src=\"https:\/\/ontinyent1931cf.com\/wp-content\/uploads\/2026\/09\/PREVIA-851x1024.jpg\" alt=\"\" class=\"wp-image-2510\" srcset=\"https:\/\/ontinyent1931cf.com\/wp-content\/uploads\/2026\/09\/PREVIA-851x1024.jpg 851w, https:\/\/ontinyent1931cf.com\/wp-content\/uploads\/2026\/09\/PREVIA-249x300.jpg 249w, https:\/\/ontinyent1931cf.com\/wp-content\/uploads\/2026\/09\/PREVIA-768x924.jpg 768w, https:\/\/ontinyent1931cf.com\/wp-content\/uploads\/2026\/09\/PREVIA-300x361.jpg 300w, https:\/\/ontinyent1931cf.com\/wp-content\/uploads\/2026\/09\/PREVIA-800x963.jpg 800w, https:\/\/ontinyent1931cf.com\/wp-content\/uploads\/2026\/09\/PREVIA.jpg 1080w\" sizes=\"auto, (max-width: 851px) 100vw, 851px\" \/><\/figure>\n\n\n\n<p class=\"wp-block-paragraph\">L\u2019Ontinyent 1931 CF comen\u00e7a aquest diumenge 6 de setembre el seu cam\u00ed en una nova etapa baix les ordres de Rub\u00e9n Sanz <strong>visitant al CD Roda<\/strong>. Els ontinyentins viatjaran fins a Vila-real per visitar <strong>un estadi on han anat creixent a mesura que passaven els anys.<\/strong><\/p>\n\n\n\n<p class=\"wp-block-paragraph\">Els de Rub\u00e9n Sanz han completat una <strong>molt bona pretemporada, sumant quatre vict\u00f2ries amb el Trofeu Uni\u00f3 d\u2019Ontinyent i el Trofeu Reis Mags d\u2019Ibi, un empat a X\u00e0bia i dues derrotes <\/strong>davant La Nucia i el Yeclano Deportivo, equips de Segona RFEF.<\/p>\n\n\n\n<p class=\"wp-block-paragraph\">La primera visita a la Ciutat Esportiva Pamesa Cer\u00e0mica va ser en la <strong>temporada 2023\/2024<\/strong>, on els blanc-i-negres debutaven en Tercera RFEF. L\u2019encontre va arribar en l\u2019avantpen\u00faltima jornada de lliga, quan l\u2019equip ja estava matem\u00e0ticament classificat per al play-off d\u2019ascens a Segona RFEF. <strong>El resultat va ser una derrota per 2 a 0.<\/strong><\/p>\n\n\n\n<p class=\"wp-block-paragraph\">Les prestacions de l\u2019equip van millorar a la temporada seg\u00fcent, quan els de la Vall d\u2019Albaida van haver de jugar a Vila-real l\u2019encontre ajornat per la DANA. Tot i comen\u00e7ar perdent 2 a 0, els de Roberto Bas es van refer amb molt de car\u00e0cter i <strong>van aconseguir empatar amb dos gols de bella factura de Pau Sanchis i V\u00edctor Revert.<\/strong><\/p>\n\n\n\n<p class=\"wp-block-paragraph\">L\u2019\u00faltim encontre disputat entre el Roda i l\u2019Ontinyent 1931 a Vila-real va ser la passada temporada quan els d\u2019El Clariano van encadenar una gran ratxa que els va permetre somniar amb el play-off. Altre encontre ajornat, aquesta vegada pel vent, i que finalment va acabar amb una d\u2019eixes vict\u00f2ries que s\u00f3n dif\u00edcils d\u2019oblidar, amb <strong>gols d\u2019Iv\u00e1n Albert i Miguel Richart en la recta final.<\/strong><\/p>\n\n\n\n<p class=\"wp-block-paragraph\"><strong>RESULTATS HIST\u00d2RICS CD RODA \u2013 ONTINYENT 1931 CF<\/strong><\/p>\n\n\n\n<p class=\"wp-block-paragraph\">2023\/2024: CD Roda 2-0 Ontinyent 1931 CF<\/p>\n\n\n\n<p class=\"wp-block-paragraph\">2024\/2025: CD Roda 2-2 Ontinyent 1931 CF (Pau Sanchis i V\u00edctor Revert)<\/p>\n\n\n\n<p class=\"wp-block-paragraph\">2025\/2026: CD Roda 0-2 Ontinyent 1931 CF (Iv\u00e1n Albert i Miguel Richart)<\/p>\n","protected":false},"excerpt":{"rendered":"<p>L\u2019Ontinyent 1931 CF comen\u00e7a aquest diumenge 6 de setembre el seu cam\u00ed en una nova etapa baix les ordres de Rub\u00e9n Sanz visitant al CD Roda. Els ontinyentins viatjaran fins a Vila-real per visitar un estadi on han anat creixent a mesura que passaven els anys. Els de Rub\u00e9n Sanz han completat una molt bona [&hellip;]<\/p>\n","protected":false},"author":2,"featured_media":2510,"comment_status":"open","ping_status":"open","sticky":false,"template":"","format":"standard","meta":{"_uag_custom_page_level_css":"","site-sidebar-layout":"default","site-content-layout":"","ast-site-content-layout":"default","site-content-style":"default","site-sidebar-style":"default","ast-global-header-display":"","ast-banner-title-visibility":"","ast-main-header-display":"","ast-hfb-above-header-display":"","ast-hfb-below-header-display":"","ast-hfb-mobile-header-display":"","site-post-title":"","ast-breadcrumbs-content":"","ast-featured-img":"","footer-sml-layout":"","theme-transparent-header-meta":"","adv-header-id-meta":"","stick-header-meta":"","header-above-stick-meta":"","header-main-stick-meta":"","header-below-stick-meta":"","astra-migrate-meta-layouts":"default","ast-page-background-enabled":"default","ast-page-background-meta":{"desktop":{"background-color":"var(--ast-global-color-5)","background-image":"","background-repeat":"repeat","background-position":"center center","background-size":"auto","background-attachment":"scroll","background-type":"","background-media":"","overlay-type":"","overlay-color":"","overlay-opacity":"","overlay-gradient":""},"tablet":{"background-color":"","background-image":"","background-repeat":"repeat","background-position":"center center","background-size":"auto","background-attachment":"scroll","background-type":"","background-media":"","overlay-type":"","overlay-color":"","overlay-opacity":"","overlay-gradient":""},"mobile":{"background-color":"","background-image":"","background-repeat":"repeat","background-position":"center center","background-size":"auto","background-attachment":"scroll","background-type":"","background-media":"","overlay-type":"","overlay-color":"","overlay-opacity":"","overlay-gradient":""}},"ast-content-background-meta":{"desktop":{"background-color":"var(--ast-global-color-4)","background-image":"","background-repeat":"repeat","background-position":"center center","background-size":"auto","background-attachment":"scroll","background-type":"","background-media":"","overlay-type":"","overlay-color":"","overlay-opacity":"","overlay-gradient":""},"tablet":{"background-color":"var(--ast-global-color-4)","background-image":"","background-repeat":"repeat","background-position":"center center","background-size":"auto","background-attachment":"scroll","background-type":"","background-media":"","overlay-type":"","overlay-color":"","overlay-opacity":"","overlay-gradient":""},"mobile":{"background-color":"var(--ast-global-color-4)","background-image":"","background-repeat":"repeat","background-position":"center center","background-size":"auto","background-attachment":"scroll","background-type":"","background-media":"","overlay-type":"","overlay-color":"","overlay-opacity":"","overlay-gradient":""}},"footnotes":""},"categories":[7,10,9],"tags":[],"class_list":["post-2509","post","type-post","status-publish","format-standard","has-post-thumbnail","hentry","category-club","category-noticies","category-primer-equip"],"uagb_featured_image_src":{"full":["https:\/\/ontinyent1931cf.com\/wp-content\/uploads\/2026\/09\/PREVIA.jpg",1080,1300,false],"thumbnail":["https:\/\/ontinyent1931cf.com\/wp-content\/uploads\/2026\/09\/PREVIA-150x150.jpg",150,150,true],"medium":["https:\/\/ontinyent1931cf.com\/wp-content\/uploads\/2026\/09\/PREVIA-249x300.jpg",249,300,true],"medium_large":["https:\/\/ontinyent1931cf.com\/wp-content\/uploads\/2026\/09\/PREVIA-768x924.jpg",768,924,true],"large":["https:\/\/ontinyent1931cf.com\/wp-content\/uploads\/2026\/09\/PREVIA-851x1024.jpg",851,1024,true],"1536x1536":["https:\/\/ontinyent1931cf.com\/wp-content\/uploads\/2026\/09\/PREVIA.jpg",1080,1300,false],"2048x2048":["https:\/\/ontinyent1931cf.com\/wp-content\/uploads\/2026\/09\/PREVIA.jpg",1080,1300,false],"voting-image":["https:\/\/ontinyent1931cf.com\/wp-content\/uploads\/2026\/09\/PREVIA-300x361.jpg",300,361,true],"voting800":["https:\/\/ontinyent1931cf.com\/wp-content\/uploads\/2026\/09\/PREVIA-800x963.jpg",800,963,true],"voting1400":["https:\/\/ontinyent1931cf.com\/wp-content\/uploads\/2026\/09\/PREVIA.jpg",1080,1300,false],"bdpp-medium":["https:\/\/ontinyent1931cf.com\/wp-content\/uploads\/2026\/09\/PREVIA-640x480.jpg",640,480,true]},"uagb_author_info":{"display_name":"ontinyent1931cf","author_link":"https:\/\/ontinyent1931cf.com\/?author=2"},"uagb_comment_info":0,"uagb_excerpt":"L\u2019Ontinyent 1931 CF comen\u00e7a aquest diumenge 6 de setembre el seu cam\u00ed en una nova etapa baix les ordres de Rub\u00e9n Sanz visitant al CD Roda. Els ontinyentins viatjaran fins a Vila-real per visitar un estadi on han anat creixent a mesura que passaven els anys. Els de Rub\u00e9n Sanz han completat una molt bona&hellip;","_links":{"self":[{"href":"https:\/\/ontinyent1931cf.com\/index.php?rest_route=\/wp\/v2\/posts\/2509","targetHints":{"allow":["GET"]}}],"collection":[{"href":"https:\/\/ontinyent1931cf.com\/index.php?rest_route=\/wp\/v2\/posts"}],"about":[{"href":"https:\/\/ontinyent1931cf.com\/index.php?rest_route=\/wp\/v2\/types\/post"}],"author":[{"embeddable":true,"href":"https:\/\/ontinyent1931cf.com\/index.php?rest_route=\/wp\/v2\/users\/2"}],"replies":[{"embeddable":true,"href":"https:\/\/ontinyent1931cf.com\/index.php?rest_route=%2Fwp%2Fv2%2Fcomments&post=2509"}],"version-history":[{"count":1,"href":"https:\/\/ontinyent1931cf.com\/index.php?rest_route=\/wp\/v2\/posts\/2509\/revisions"}],"predecessor-version":[{"id":2511,"href":"https:\/\/ontinyent1931cf.com\/index.php?rest_route=\/wp\/v2\/posts\/2509\/revisions\/2511"}],"wp:featuredmedia":[{"embeddable":true,"href":"https:\/\/ontinyent1931cf.com\/index.php?rest_route=\/wp\/v2\/media\/2510"}],"wp:attachment":[{"href":"https:\/\/ontinyent1931cf.com\/index.php?rest_route=%2Fwp%2Fv2%2Fmedia&parent=2509"}],"wp:term":[{"taxonomy":"category","embeddable":true,"href":"https:\/\/ontinyent1931cf.com\/index.php?rest_route=%2Fwp%2Fv2%2Fcategories&post=2509"},{"taxonomy":"post_tag","embeddable":true,"href":"https:\/\/ontinyent1931cf.com\/index.php?rest_route=%2Fwp%2Fv2%2Ftags&post=2509"}],"curies":[{"name":"wp","href":"https:\/\/api.w.org\/{rel}","templated":true}]}}